[{"@context":"https:\/\/schema.org\/","@type":"Article","@id":"https:\/\/www.safik.cz\/verite-v-posmrtny-zivot\/#Article","mainEntityOfPage":"https:\/\/www.safik.cz\/verite-v-posmrtny-zivot\/","headline":"V\u011b\u0159\u00edte v posmrtn\u00fd \u017eivot?","name":"V\u011b\u0159\u00edte v posmrtn\u00fd \u017eivot?","description":"\u010casto si klademe ot\u00e1zku Co bude, a\u017e\u2026. https:\/\/www.zeleneslevy.cz\/co-bude-az\/? Ka\u017ed\u00fd v\u011b\u0159\u00edme v n\u011bco jin\u00e9ho, n\u011bkte\u0159\u00ed v\u011b\u0159\u00ed v reinkarnaci, na to \u017ee se znovu zrod\u00edme bu\u010f v &hellip; ","datePublished":"2023-02-14","dateModified":"2023-06-14","author":{"@type":"Person","@id":"https:\/\/www.safik.cz\/author\/#Person","name":"","url":"https:\/\/www.safik.cz\/author\/","identifier":1,"image":{"@type":"ImageObject","@id":"https:\/\/secure.gravatar.com\/avatar\/15c4177f6d86975c976af12ba80b10af7add2f97f8786f8cf1596253472c0ea7?s=96&d=mm&r=g","url":"https:\/\/secure.gravatar.com\/avatar\/15c4177f6d86975c976af12ba80b10af7add2f97f8786f8cf1596253472c0ea7?s=96&d=mm&r=g","height":96,"width":96}},"publisher":{"@type":"Organization","name":"safik.cz","logo":{"@type":"ImageObject","@id":"\/logo.png","url":"\/logo.png","width":600,"height":60}},"image":{"@type":"ImageObject","@id":"https:\/\/www.safik.cz\/wp-content\/uploads\/fantasy-3077928_960_720_1.jpg","url":"https:\/\/www.safik.cz\/wp-content\/uploads\/fantasy-3077928_960_720_1.jpg","height":0,"width":0},"url":"https:\/\/www.safik.cz\/verite-v-posmrtny-zivot\/","about":["Firmy"],"wordCount":462,"articleBody":"      \u010casto si klademe ot\u00e1zku Co bude, a\u017e\u2026. https:\/\/www.zeleneslevy.cz\/co-bude-az\/? Ka\u017ed\u00fd v\u011b\u0159\u00edme v n\u011bco jin\u00e9ho, n\u011bkte\u0159\u00ed v\u011b\u0159\u00ed v reinkarnaci, na to \u017ee se znovu zrod\u00edme bu\u010f v jin\u00e9ho \u010dlov\u011bka, nebo v n\u011bjak\u00e9 zv\u00ed\u0159e, rostlinu atd. N\u011bkte\u0159\u00ed z n\u00e1s v\u011b\u0159\u00ed v \u017eivot\u011b po \u017eivot\u011b a to, \u017ee pokud projdou \u00fasp\u011b\u0161n\u011b o\u010distcem, tak se dostanou bu\u010f do nebe, nebo pekla. A ti zbyl\u00ed nev\u011b\u0159\u00ed v nic, \u017ee prost\u011b nic nebude. M\u00e1me spoustu d\u016fkaz\u016f o klinick\u00e9 smrti, \u017ee lid\u00e9 byli v b\u00edl\u00e9m tunelu a vid\u011bli b\u00edl\u00e9 sv\u011btlo a mysleli si, \u017ee jsou v nebi. M\u016fj p\u0159\u00edtel ale \u010dasto \u0159\u00edk\u00e1 \u017ee to mohlo b\u00fdt to, co ti lid\u00e9 maj\u00ed v hlav\u011b, a tud\u00ed\u017e si m\u016f\u017eeme polo\u017eit ot\u00e1zku. Opravdu tito lid\u00e9 byli v nebi, nebo se v\u0161e odehr\u00e1valo pouze v jejich mozku, v jejich hlav\u00e1ch? Nen\u00ed nikde je\u0161t\u011b prok\u00e1zan\u00e9, \u017ee existuje \u017eivot po \u017eivot\u011b, sp\u00ed\u0161 je to o tom v co my samy v\u011b\u0159\u00edme. J\u00e1 t\u0159eba v\u011b\u0159\u00edm v posmrtn\u00fd \u017eivot, proto\u017ee tak\u00e9 v\u011b\u0159\u00edm v Boha. Nev\u011b\u0159\u00edm v nebe na obl\u00e1\u010dc\u00edch s P\u00e1nem Bohem sta\u0159e\u010dkem, ale v\u011b\u0159\u00edm \u017ee to bude n\u011bjak\u00fd podobn\u00fd sv\u011bt, jak\u00fd te\u010f \u017eijeme, jen bez starost\u00ed a bolest\u00ed. V o\u010distec taky v\u011b\u0159\u00edm, ale j\u00e1 v\u011b\u0159\u00edm tomu, \u017ee t\u00e9m\u011b\u0159 nikdo mo\u017en\u00e1 a\u017e na Hitlera v pekle nen\u00ed, \u017ee B\u016fh d\u00e1v\u00e1 \u0161anci ka\u017ed\u00e9mu a ka\u017ed\u00fd se na konci sv\u00e9ho \u017eivota naprav\u00ed. A\u010dkoli jsem v\u011b\u0159\u00edc\u00ed, my\u0161lenku reinkarnace tak\u00e9 \u00fapln\u011b nezavrhuji.Ale kdybych si m\u011bla vybrat, asi bych se necht\u011bla znovu narodit a zase \u017e\u00edt ten slo\u017eit\u00fd a n\u00e1ro\u010dn\u00fd \u017eivot. Ob\u010das ale zn\u00e1te ten pocit, kdy m\u00e1te D\u00e9j\u00e1-vu a nedok\u00e1\u017eete pochopit pro\u010d vlastn\u011b? T\u0159eba to jsou pr\u00e1v\u011b ty ozv\u011bny z minul\u00e9ho \u017eivota. Nebo r\u00e1di plavete, ob\u010das si p\u0159ijdete jak pes, k\u016f\u0148 nebo jak\u00e9koli jin\u00e9 zv\u00ed\u0159e a s\u00e1z\u00edte na to, \u017ee jste ve sv\u00e9m minul\u00e9m \u017eivot\u011b opravdu t\u00edm zv\u00ed\u0159etem byli! J\u00e1 teda ur\u010dit\u011b nev\u011b\u0159\u00edm v to, \u017ee po \u017eivot\u011b u\u017e nic nen\u00ed, jsem si jist\u00e1 t\u00edm \u017ee n\u011bco ano, bu\u010f to nebe, nebo znovuzrozen\u00ed, t\u0159eba si i m\u016f\u017eeme vybrat nebo si du\u0161e vybere \u010d\u00ed \u017eivot by cht\u011bl \u017e\u00edt. T\u011b\u017eko \u0159\u00edct, ale j\u00e1 jsem p\u0159esv\u011bd\u010den\u00e1 o tom, \u017ee n\u011bco ur\u010dit\u011b b\u00fdt mus\u00ed! I vzhledem ke spoust\u011b nevysv\u011btliteln\u00fdch v\u011bc\u00ed, kter\u00e9 se spoust\u011b lidem staly.                                                                                                                                                                                                                                                                                                                                                                                          4.7\/5 - (3 votes)        "},{"@context":"https:\/\/schema.org\/","@type":"BreadcrumbList","itemListElement":[{"@type":"ListItem","position":1,"name":"V\u011b\u0159\u00edte v posmrtn\u00fd \u017eivot?","item":"https:\/\/www.safik.cz\/verite-v-posmrtny-zivot\/#breadcrumbitem"}]}]