[{"@context":"https:\/\/schema.org\/","@type":"Article","@id":"https:\/\/www.safik.cz\/umeni-na-pocitaci\/#Article","mainEntityOfPage":"https:\/\/www.safik.cz\/umeni-na-pocitaci\/","headline":"Um\u011bn\u00ed na po\u010d\u00edta\u010di","name":"Um\u011bn\u00ed na po\u010d\u00edta\u010di","description":"V dne\u0161n\u00ed dob\u011b u\u017e m\u00e1 opravdu ka\u017ed\u00fd po\u010d\u00edta\u010d. A abych se p\u0159iznala, tak j\u00e1 osobn\u011b si nedok\u00e1\u017eu p\u0159edstavit \u017eivot, \u017ee bych nem\u011bla v\u016fbec \u017e\u00e1dn\u00fd po\u010d\u00edta\u010d &hellip; ","datePublished":"2022-04-26","dateModified":"2023-06-14","author":{"@type":"Person","@id":"https:\/\/www.safik.cz\/author\/#Person","name":"","url":"https:\/\/www.safik.cz\/author\/","identifier":1,"image":{"@type":"ImageObject","@id":"https:\/\/secure.gravatar.com\/avatar\/15c4177f6d86975c976af12ba80b10af7add2f97f8786f8cf1596253472c0ea7?s=96&d=mm&r=g","url":"https:\/\/secure.gravatar.com\/avatar\/15c4177f6d86975c976af12ba80b10af7add2f97f8786f8cf1596253472c0ea7?s=96&d=mm&r=g","height":96,"width":96}},"publisher":{"@type":"Organization","name":"safik.cz","logo":{"@type":"ImageObject","@id":"\/logo.png","url":"\/logo.png","width":600,"height":60}},"image":{"@type":"ImageObject","@id":"https:\/\/www.safik.cz\/wp-content\/uploads\/home-office-569153_960_720.jpg","url":"https:\/\/www.safik.cz\/wp-content\/uploads\/home-office-569153_960_720.jpg","height":0,"width":0},"url":"https:\/\/www.safik.cz\/umeni-na-pocitaci\/","about":["PC"],"wordCount":456,"articleBody":"V dne\u0161n\u00ed dob\u011b u\u017e m\u00e1 opravdu ka\u017ed\u00fd po\u010d\u00edta\u010d. A abych se p\u0159iznala, tak j\u00e1 osobn\u011b si nedok\u00e1\u017eu p\u0159edstavit \u017eivot, \u017ee bych nem\u011bla v\u016fbec \u017e\u00e1dn\u00fd po\u010d\u00edta\u010d anebo notebook nebo alespo\u0148 telefon. A kdy\u017e to tak vezmu, tak taky mobiln\u00ed telefon m\u00e1 \u00fapln\u011b ka\u017ed\u00fd \u010dlov\u011bk, a to v\u010detn\u011b d\u011bt\u00ed. J\u00e1 m\u00e1m syna, kter\u00e9mu je \u0161est let. A neboj\u00edm se \u0159\u00edct, \u017ee jsem r\u00e1da, \u017ee m\u016fj syn um\u00ed s po\u010d\u00edta\u010dem dob\u0159e zach\u00e1zet. Je to opravdu skv\u011bl\u00e9 a jsem na syn velmi hrd\u00e1. M\u016fj syn taky um\u00ed na po\u010d\u00edta\u010di st\u00e1hnout r\u016fzn\u00e9 filmy anebo hraje hry. To sam\u00e9 um\u00ed taky s mobilem. N\u011bkdy se setk\u00e1v\u00e1m bohu\u017eel s p\u0159\u00edpady, kdy mi n\u011bkdo nad\u00e1v\u00e1 za to, \u017ee nech\u00e1v\u00e1m d\u00edt\u011bti mobil anebo notebook nebo po\u010d\u00edta\u010d. Jenom\u017ee mi to p\u0159ijde \u00fapln\u011b norm\u00e1ln\u00ed. A nyn\u00ed si vezm\u011bte, \u017ee na z\u00e1kladn\u00ed \u0161kole se u\u017e p\u0159ece taky u\u010d\u00ed zach\u00e1zet d\u011bti s po\u010d\u00edta\u010dem. A to je p\u0159ece skv\u011bl\u00e9. P\u0159em\u00fd\u0161lejte taky o tom, \u017ee v dne\u0161n\u00ed dob\u011b opravdu v ka\u017ed\u00e9m zam\u011bstn\u00e1n\u00ed od n\u00e1s cht\u011bj\u00ed, aby \u010dlov\u011bk um\u011bl skv\u011ble anglick\u00fd jazyk a taky na po\u010d\u00edta\u010di.\u00a0\u00a0A mysl\u00edm si, \u017ee v dne\u0161n\u00ed dob\u011b je d\u016fle\u017eit\u00e9, aby ka\u017ed\u00fd um\u011bl perfektn\u011b anglick\u00fd jazyk a taky um\u011bl na po\u010d\u00edta\u010di. Hlavn\u011b ty z\u00e1kladn\u00ed v\u011bci na po\u010d\u00edta\u010di, jako je psan\u00ed anebo stahov\u00e1n\u00ed r\u016fzn\u00fdch soubor\u016f. Nav\u00edc a taky je hodn\u011b zam\u011bstn\u00e1n\u00ed, kter\u00e9 se neobejdou opravdu bez po\u010d\u00edta\u010de, tak\u017ee doporu\u010duji, aby opravdu mnoho d\u011bt\u00ed um\u011blo na po\u010d\u00edta\u010di co nejd\u0159\u00edve. A mysl\u00edm si, \u017ee v dne\u0161n\u00ed dob\u011b je to \u00fapln\u00fd z\u00e1klad. Pamatuji si, jak j\u00e1 jsem skoro jako jedin\u00e1 neum\u011bla zach\u00e1zet s po\u010d\u00edta\u010dem, proto\u017ee jsme ho doma nem\u011bli. A ostatn\u00ed d\u011bti ve \u0161kole\u00a0to um\u011bly. V\u00edte, jak mi bylo trapn\u011b? Ne, \u017ee by ho maminka necht\u011bla koupit, ona na to sp\u00ed\u0161e nem\u011bla pen\u00edze, tak\u017ee my jako d\u011bti se sourozenci jsme po\u010d\u00edta\u010d doma nem\u011bly. Je jasn\u00e9m \u017ee n\u00e1m to vadilo a s po\u010d\u00edta\u010dem a notebook jsme se ka\u017ed\u00fd spokojil, a\u017e kdy\u017e jsem si ka\u017ed\u00fd po\u0159\u00eddili\u00a0svoje a za vlastn\u00ed u\u0161et\u0159en\u00e9 pen\u00edze. A v\u00e1\u017eili jsme si t\u011bchto\u00a0skv\u011bl\u00fdch v\u011bc\u00ed v\u00edce.\u00a0                                                                                                                                                                                                                                                                                                                                                                                        4.6\/5 - (8 votes)        "},{"@context":"https:\/\/schema.org\/","@type":"BreadcrumbList","itemListElement":[{"@type":"ListItem","position":1,"name":"Um\u011bn\u00ed na po\u010d\u00edta\u010di","item":"https:\/\/www.safik.cz\/umeni-na-pocitaci\/#breadcrumbitem"}]}]