[{"@context":"https:\/\/schema.org\/","@type":"Article","@id":"https:\/\/www.safik.cz\/slusi-a-hreje\/#Article","mainEntityOfPage":"https:\/\/www.safik.cz\/slusi-a-hreje\/","headline":"Slu\u0161\u00ed a h\u0159eje","name":"Slu\u0161\u00ed a h\u0159eje","description":"V chladn\u00e9m po\u010das\u00ed se m\u016f\u017eete zah\u0159\u00e1t hork\u00fdm \u010dajem, p\u0159ikr\u00fdt teplou pokr\u00fdvkou, napustit si horkou vanu, navl\u00e9knout tepl\u00e9 pono\u017eky, ale nen\u00ed nad po\u0159\u00e1dn\u00fd chundelat\u00fd a teplou\u010dk\u00fd &hellip; ","datePublished":"2018-06-24","dateModified":"2018-06-24","author":{"@type":"Person","@id":"https:\/\/www.safik.cz\/author\/#Person","name":"","url":"https:\/\/www.safik.cz\/author\/","identifier":1,"image":{"@type":"ImageObject","@id":"https:\/\/secure.gravatar.com\/avatar\/15c4177f6d86975c976af12ba80b10af7add2f97f8786f8cf1596253472c0ea7?s=96&d=mm&r=g","url":"https:\/\/secure.gravatar.com\/avatar\/15c4177f6d86975c976af12ba80b10af7add2f97f8786f8cf1596253472c0ea7?s=96&d=mm&r=g","height":96,"width":96}},"publisher":{"@type":"Organization","name":"safik.cz","logo":{"@type":"ImageObject","@id":"\/logo.png","url":"\/logo.png","width":600,"height":60}},"image":{"@type":"ImageObject","@id":"https:\/\/www.safik.cz\/wp-content\/uploads\/img_a319817_w2004_t1530904819.jpg","url":"https:\/\/www.safik.cz\/wp-content\/uploads\/img_a319817_w2004_t1530904819.jpg","height":0,"width":0},"url":"https:\/\/www.safik.cz\/slusi-a-hreje\/","wordCount":413,"articleBody":" V chladn\u00e9m po\u010das\u00ed se m\u016f\u017eete zah\u0159\u00e1t hork\u00fdm \u010dajem, p\u0159ikr\u00fdt teplou pokr\u00fdvkou, napustit si horkou vanu, navl\u00e9knout tepl\u00e9 pono\u017eky, ale nen\u00ed nad po\u0159\u00e1dn\u00fd chundelat\u00fd a teplou\u010dk\u00fd svet\u0159\u00edk . K rifl\u00edm se hod\u00ed svetr asi nejv\u00edce, nepodl\u00e9h\u00e1 \u017e\u00e1dn\u00fdm v\u00fdrazn\u00fdm m\u00f3dn\u00edm trend\u016fm, z barev m\u016f\u017eete volit kteroukoliv, stejn\u011b tak materi\u00e1l, vlny nab\u00edz\u00ed dne\u0161n\u00ed trh v nespo\u010dtu odst\u00edn\u016f a druh\u016f. Svetr m\u016f\u017eete obl\u00e9knout i p\u0159es ko\u0161ili, co\u017e je v kombinaci se sv\u011btl\u00fdmi kalhotami skv\u011bl\u00fd outfit. V zimn\u00edch m\u011bs\u00edc\u00edch po svetrech sahaj\u00ed i mu\u017ei, kte\u0159\u00ed do kancel\u00e1\u0159e obl\u00e9kaj\u00ed ko\u0161ili a kravatu a r\u00e1di si na chv\u00edli odpo\u010dinou od saka, tato kombinace je velice obl\u00edben\u00e1 a p\u016fsob\u00ed velice elegantn\u00edm dojmem. Svet\u0159\u00edky a\u0165 u\u017e jen tenk\u00e9, kter\u00e9 se v\u00fdborn\u011b hod\u00ed do kancel\u00e1\u0159e k tmav\u00fdm kalhot\u00e1m nebo sukni, se lehce daj\u00ed obl\u00e9knout pod sako nebo kab\u00e1t, jsou pohodln\u00e9 a velice p\u0159\u00edjemn\u00e9 na no\u0161en\u00ed. Navl\u00e9knout je m\u016f\u017eete p\u0159es t\u00edlko nebo halenku, mohou b\u00fdt p\u0159es hlavu, na knofl\u00ed\u010dky, zip nebo se daj\u00ed jednodu\u0161e st\u00e1hnout stu\u017ekou v pase. Svetr m\u016f\u017eete obl\u00e9knout p\u0159\u00edmo i na hol\u00e9 t\u011blo. Pokud nastane opravdu chladn\u00e9 po\u010das\u00ed, m\u016f\u017eete se p\u0159ed chladem ochr\u00e1nit je\u0161t\u011b cardiganem. Dlouh\u00e9 svetry se daj\u00ed nosit p\u0159es \u00fazk\u00e9 kalhoty nebo leg\u00edny, ale m\u016f\u017eete je nosit tak\u00e9 samotn\u00e9 jako \u0161aty, sta\u010d\u00ed pouze doladit n\u011bjak\u00fdm t\u00edm dopl\u0148kem, nap\u0159. lehk\u00fdm \u0161\u00e1lem nebo v\u00fdrazn\u00fdm n\u00e1hrdeln\u00edkem. Pokud budete cht\u00edt sv\u016fj \u0161atn\u00edk o\u017eivit, lze svetr nahradit pon\u010dem, kter\u00e9 se t\u011b\u0161\u00ed st\u00e1le v\u011bt\u0161\u00ed oblib\u011b a posledn\u00ed roky za\u017e\u00edv\u00e1 doslova bum. Univerz\u00e1ln\u00ed pou\u017eit\u00ed nab\u00edz\u00ed velk\u00e9 \u0161\u00e1ly, kter\u00e9 sta\u010d\u00ed jednodu\u0161e p\u0159ehodit. Odleh\u010denou formou svetru m\u016f\u017ee b\u00fdt i voln\u011bj\u0161\u00ed top. Ten vyu\u017eij\u00ed p\u0159edev\u0161\u00edm siln\u011bj\u0161\u00ed \u017eeny, proto\u017ee dok\u00e1\u017ee zakr\u00fdt n\u011bjak\u00fd ten nedostatek na postav\u011b, jejich st\u0159ih je voln\u011bj\u0161\u00ed, v doln\u00ed \u010d\u00e1sti \u0161ir\u0161\u00ed a dob\u0159e pak sed\u00ed na spodn\u00ed vrstv\u011b oble\u010den\u00ed. Elegantn\u00edm a tzv. \u0161mrncovn\u00edm kouskem v \u0161atn\u00edku ka\u017ed\u00e9 \u017eeny by m\u011bl b\u00fdt kaftan.                                                                                                                                                                                                                                                                                                                                                                                        3.7\/5 - (6 votes)        "},{"@context":"https:\/\/schema.org\/","@type":"BreadcrumbList","itemListElement":[{"@type":"ListItem","position":1,"name":"Slu\u0161\u00ed a h\u0159eje","item":"https:\/\/www.safik.cz\/slusi-a-hreje\/#breadcrumbitem"}]}]