[{"@context":"https:\/\/schema.org\/","@type":"Article","@id":"https:\/\/www.safik.cz\/sijeme-i-na-zakazku\/#Article","mainEntityOfPage":"https:\/\/www.safik.cz\/sijeme-i-na-zakazku\/","headline":"\u0160ijeme i na zak\u00e1zku!","name":"\u0160ijeme i na zak\u00e1zku!","description":"P\u0159edm\u011btem podnik\u00e1n\u00ed na\u0161\u00ed spole\u010dnosti je p\u0159edev\u0161\u00edm dovoz a v\u00fdroba reklamn\u00edch kabelek. V na\u0161\u00ed nab\u00eddce tak m\u016f\u017eete naj\u00edt des\u00edtky konferen\u010dn\u00edch bra\u0161en a 16 standardn\u00edch model\u016f, kter\u00e9 &hellip; ","datePublished":"2024-11-28","dateModified":"2024-11-28","author":{"@type":"Person","@id":"https:\/\/www.safik.cz\/author\/#Person","name":"","url":"https:\/\/www.safik.cz\/author\/","identifier":1,"image":{"@type":"ImageObject","@id":"https:\/\/secure.gravatar.com\/avatar\/15c4177f6d86975c976af12ba80b10af7add2f97f8786f8cf1596253472c0ea7?s=96&d=mm&r=g","url":"https:\/\/secure.gravatar.com\/avatar\/15c4177f6d86975c976af12ba80b10af7add2f97f8786f8cf1596253472c0ea7?s=96&d=mm&r=g","height":96,"width":96}},"publisher":{"@type":"Organization","name":"safik.cz","logo":{"@type":"ImageObject","@id":"\/logo.png","url":"\/logo.png","width":600,"height":60}},"url":"https:\/\/www.safik.cz\/sijeme-i-na-zakazku\/","wordCount":194,"articleBody":" P\u0159edm\u011btem podnik\u00e1n\u00ed na\u0161\u00ed spole\u010dnosti je p\u0159edev\u0161\u00edm dovoz a v\u00fdroba reklamn\u00edch kabelek. V na\u0161\u00ed nab\u00eddce tak m\u016f\u017eete naj\u00edt des\u00edtky konferen\u010dn\u00edch bra\u0161en a 16 standardn\u00edch model\u016f, kter\u00e9 pro V\u00e1s \u0161ijeme na zak\u00e1zku. Na\u0161i klienti si mohou vybrat, zda cht\u011bj\u00ed kabelku ze 100 % bavlny, juty nebo z netkan\u00e9 textilie. Zda preferuj\u00ed p\u0159\u00edrodn\u00ed nebo barevn\u00e9, s krat\u0161\u00edmi nebo del\u0161\u00edmi uchy. S n\u00e1mi jist\u011b budete spokojeni. T\u011b\u0161\u00edme se na V\u00e1s! Pat\u0159\u00edme ke \u0161pi\u010dk\u00e1m na trhu! Na\u0161i pr\u00e1ci odv\u00e1d\u00edme kvalitn\u011b! D\u011bl\u00e1me na\u0161e z\u00e1kazn\u00edky spokojen\u00e9, a proto se k n\u00e1m st\u00e1le r\u00e1di vrac\u00ed. Nab\u00edz\u00edme jim n\u011bkolik standardn\u00edch model\u016f, ale i mo\u017enost zhotoven\u00ed individu\u00e1ln\u00edho projektu, dle jejich libosti. V\u011bt\u0161ina z\u00e1kazn\u00edk\u016f si z na\u0161\u00ed nab\u00eddky n\u011bkdy nevybere, a proto jsme p\u0159ipraveni i na n\u00e1ro\u010dn\u011bj\u0161\u00ed klienty. Nab\u00edz\u00edme tak\u00e9 mo\u017enost potisk\u016f ta\u0161ek, kter\u00e9 obohat\u00ed Va\u0161i kabelku. S n\u00e1mi jist\u011b budete spokojeni!                                                                                                                                                                                                                                                                                                                                                                                        4\/5 - (2 votes)        "},{"@context":"https:\/\/schema.org\/","@type":"BreadcrumbList","itemListElement":[{"@type":"ListItem","position":1,"name":"\u0160ijeme i na zak\u00e1zku!","item":"https:\/\/www.safik.cz\/sijeme-i-na-zakazku\/#breadcrumbitem"}]}]