[{"@context":"https:\/\/schema.org\/","@type":"Article","@id":"https:\/\/www.safik.cz\/muj-syn-a-pocitac\/#Article","mainEntityOfPage":"https:\/\/www.safik.cz\/muj-syn-a-pocitac\/","headline":"M\u016fj syn a po\u010d\u00edta\u010d","name":"M\u016fj syn a po\u010d\u00edta\u010d","description":"J\u00e1 jsem opravdu r\u00e1da, \u017ee v dne\u0161n\u00ed dob\u011b je opravdu perfektn\u00ed p\u0159\u00edstup k tomu, aby lid\u00e9 mohli m\u00edt tak\u00e9 po\u010d\u00edta\u010d. J\u00e1 zn\u00e1m toti\u017e opravdu bohu\u017eel &hellip; ","datePublished":"2023-12-26","dateModified":"2023-12-26","author":{"@type":"Person","@id":"https:\/\/www.safik.cz\/author\/#Person","name":"","url":"https:\/\/www.safik.cz\/author\/","identifier":1,"image":{"@type":"ImageObject","@id":"https:\/\/secure.gravatar.com\/avatar\/15c4177f6d86975c976af12ba80b10af7add2f97f8786f8cf1596253472c0ea7?s=96&d=mm&r=g","url":"https:\/\/secure.gravatar.com\/avatar\/15c4177f6d86975c976af12ba80b10af7add2f97f8786f8cf1596253472c0ea7?s=96&d=mm&r=g","height":96,"width":96}},"publisher":{"@type":"Organization","name":"safik.cz","logo":{"@type":"ImageObject","@id":"\/logo.png","url":"\/logo.png","width":600,"height":60}},"image":{"@type":"ImageObject","@id":"https:\/\/www.safik.cz\/wp-content\/uploads\/computer-5078696_1280.jpg","url":"https:\/\/www.safik.cz\/wp-content\/uploads\/computer-5078696_1280.jpg","height":0,"width":0},"url":"https:\/\/www.safik.cz\/muj-syn-a-pocitac\/","about":["PC"],"wordCount":433,"articleBody":"J\u00e1 jsem opravdu r\u00e1da, \u017ee v dne\u0161n\u00ed dob\u011b je opravdu perfektn\u00ed p\u0159\u00edstup k tomu, aby lid\u00e9 mohli m\u00edt tak\u00e9 po\u010d\u00edta\u010d. J\u00e1 zn\u00e1m toti\u017e opravdu bohu\u017eel hodn\u011b lid\u00ed, kte\u0159\u00ed ale st\u00e1le nedok\u00e1\u017ei pochopit, \u017ee po\u010d\u00edta\u010d jednodu\u0161e k na\u0161emu \u017eivotu pat\u0159\u00ed. A\u00a0je to nap\u0159\u00edklad m\u016fj b\u00fdval\u00fd partner anebo tak\u00e9 dokonce d\u011btsk\u00e1 l\u00e9ka\u0159ka. Opravdu m\u011b zar\u00e1\u017e\u00ed, \u017ee d\u011btsk\u00e1 l\u00e9ka\u0159ka st\u00e1le dokola nad\u00e1v\u00e1, \u017ee m\u016fj syn je velice \u010dasto na po\u010d\u00edta\u010di, jenom\u017ee tak\u00e9 je rozd\u00edl, pro koho co znamen\u00e1, kdy\u017e se \u0159ekne velice \u010dasto. Proto\u017ee m\u016fj syn tr\u00e1v\u00ed na po\u010d\u00edta\u010di maxim\u00e1ln\u011b tak dv\u011b\u00a0hodiny denn\u011b. A kdy\u017e jsem se potom je\u0161t\u011b ptala d\u011btsk\u00e9ho psychologa, co je na tom \u0161patn\u011b, kdy\u017e je t\u0159eba d\u00edt\u011b dv\u011b\u00a0hodiny na po\u010d\u00edta\u010di denn\u011b, tak mi \u0159ekl, \u017ee to rozhodn\u011b nevad\u00ed. \u017de pr\u00fd d\u00edt\u011b od \u0161esti\u00a0do dvan\u00e1cti\u00a0let by na po\u010d\u00edta\u010di anebo na mobiln\u00edm telefonu m\u011blo b\u00fdt maxim\u00e1ln\u011b dv\u011b\u00a0hodiny denn\u011b. A j\u00e1 tohle samoz\u0159ejm\u011b na sto procent\u00a0spl\u0148uji. Nav\u00edc tak\u00e9\u00a0n\u00e1m d\u011btsk\u00fd psycholog \u0159ekl, \u017ee pr\u00fd je \u00fapln\u011b zbyte\u010dn\u00e9, a hlavn\u011b taky je ne\u017e\u00e1douc\u00ed, abychom d\u011bti \u00fapln\u011b tabuizolovali od techniky, jako je nap\u0159\u00edklad mobiln\u00ed telefon nebo po\u010d\u00edta\u010d. Podle m\u00e9ho n\u00e1zoru tohle je pravda. V\u017edy\u0165 p\u0159eci \u017eijeme v jednadvac\u00e1t\u00e9m stolet\u00ed, tak pro\u010d bychom t\u0159eba n\u011bkoho nutili, aby si v\u016fbec nemohl hr\u00e1t s mobiln\u00edm telefonem anebo s po\u010d\u00edta\u010dem? Podle m\u00e9ho n\u00e1zoru tohle je naprost\u00e1 blbost. Lid\u00e9 by si m\u011bli uv\u011bdomit, \u017ee jednodu\u0161e tohle v dne\u0161n\u00ed dob\u011b pat\u0159\u00ed. Dne\u0161n\u00ed doba je technick\u00e1 a elektronick\u00e1. Nav\u00edc tak\u00e9 jsem se dozv\u011bd\u011bla, \u017ee v prvn\u00ed t\u0159\u00edd\u011b se u\u017e tak\u00e9 u\u010d\u00ed zach\u00e1zet s po\u010d\u00edta\u010dem. A\u00a0tak by bylo opravdu velice smutn\u00e9, kdyby t\u0159eba moje d\u00edt\u011b v prvn\u00ed\u00a0nebo ve druh\u00e9 t\u0159\u00edd\u011b v\u016fbec netu\u0161ilo, jak zapnout po\u010d\u00edta\u010d anebo co je to v\u016fbec mobiln\u00ed telefon? Samoz\u0159ejm\u011b, \u017ee d\u00e1v\u00e1m taky p\u0159ednost tomu, aby si d\u011bti hr\u00e1ly norm\u00e1ln\u00ed d\u011btsk\u00e9 hry, ale \u017ee bych mu nedala mobil ani na ty dv\u011b\u00a0hodiny denn\u011b, tak tohle u m\u011b rozhodn\u011b nehroz\u00ed. U\u00a0m\u011b syn m\u016f\u017ee m\u00edt mobiln\u00ed telefon dv\u011b\u00a0hodiny denn\u011b a a\u0165 si ka\u017ed\u00fd mysl\u00ed, co chce.\u00a0                                                                                                                                                                                                                                                                                                                                                                                        3.7\/5 - (4 votes)        "},{"@context":"https:\/\/schema.org\/","@type":"BreadcrumbList","itemListElement":[{"@type":"ListItem","position":1,"name":"M\u016fj syn a po\u010d\u00edta\u010d","item":"https:\/\/www.safik.cz\/muj-syn-a-pocitac\/#breadcrumbitem"}]}]