[{"@context":"https:\/\/schema.org\/","@type":"Article","@id":"https:\/\/www.safik.cz\/jak-mit-moderni-interier\/#Article","mainEntityOfPage":"https:\/\/www.safik.cz\/jak-mit-moderni-interier\/","headline":"Jak m\u00edt modern\u00ed interi\u00e9r?","name":"Jak m\u00edt modern\u00ed interi\u00e9r?","description":"Nen\u00ed tak t\u011b\u017ek\u00e9 si vytvo\u0159it modern\u00ed domov, ale ka\u017ed\u00fd se mus\u00ed sna\u017eit, aby n\u011b\u010deho takov\u00e9ho doc\u00edlil. Nen\u00ed to nic jednoduch\u00e9ho, ale nen\u00ed to ani nic, &hellip; ","datePublished":"2023-08-21","dateModified":"2023-08-21","author":{"@type":"Person","@id":"https:\/\/www.safik.cz\/author\/#Person","name":"","url":"https:\/\/www.safik.cz\/author\/","identifier":1,"image":{"@type":"ImageObject","@id":"https:\/\/secure.gravatar.com\/avatar\/15c4177f6d86975c976af12ba80b10af7add2f97f8786f8cf1596253472c0ea7?s=96&d=mm&r=g","url":"https:\/\/secure.gravatar.com\/avatar\/15c4177f6d86975c976af12ba80b10af7add2f97f8786f8cf1596253472c0ea7?s=96&d=mm&r=g","height":96,"width":96}},"publisher":{"@type":"Organization","name":"safik.cz","logo":{"@type":"ImageObject","@id":"\/logo.png","url":"\/logo.png","width":600,"height":60}},"image":{"@type":"ImageObject","@id":"https:\/\/www.safik.cz\/wp-content\/uploads\/roberto-nickson-tleCJiDOri0-unsplash.jpg","url":"https:\/\/www.safik.cz\/wp-content\/uploads\/roberto-nickson-tleCJiDOri0-unsplash.jpg","height":0,"width":0},"url":"https:\/\/www.safik.cz\/jak-mit-moderni-interier\/","wordCount":428,"articleBody":"   Nen\u00ed tak t\u011b\u017ek\u00e9 si vytvo\u0159it modern\u00ed domov, ale ka\u017ed\u00fd se mus\u00ed sna\u017eit, aby n\u011b\u010deho takov\u00e9ho doc\u00edlil. Nen\u00ed to nic jednoduch\u00e9ho, ale nen\u00ed to ani nic, co by nikdo nezvl\u00e1dl. Samoz\u0159ejm\u011b je jasn\u00e9, \u017ee k tomu, aby si n\u011bkdo vytvo\u0159il modern\u00ed domov je pot\u0159eba b\u00fdt trochu kreativn\u00ed a um\u011bt vym\u00fd\u0161let neobvykl\u00e9 kombinace, kter\u00e9 budou trochu origin\u00e1ln\u00ed, ale i bez toho se d\u00e1 \u017e\u00edt. Jak je to mo\u017en\u00e9? Samoz\u0159ejm\u011b to jde, kdy\u017e um\u00edte hledat inspirace, nap\u0159\u00edklad fotky interi\u00e9r\u016f, kter\u00e9 tam dali n\u011bjac\u00ed lid\u00e9 nebo t\u0159eba p\u0159\u00edmo bytov\u00ed design\u00e9\u0159i z Prahy. Je \u00fapln\u011b jedno, kdo to tam d\u00e1, ve v\u00fdsledku v\u00e1s stejn\u011b bude zaj\u00edmat jen ta fotka, abyste si mohli z n\u00ed vz\u00edt n\u011bjakou inspiraci a t\u0159eba pou\u017e\u00edt podobn\u00fd n\u00e1bytek nebo dekorace.Nap\u0159\u00edklad si m\u016f\u017eete vz\u00edt inspiraci i z barevn\u00ed kombinace, kterou tam uvid\u00edte. N\u011bkter\u00e9 by v\u00e1s toti\u017e jen tak nenapadly a je pot\u0159eba, aby v\u00e1s k tomu n\u011bkdo po\u0161\u0165ouchnul. No ale samoz\u0159ejm\u011b jsou lid\u00e9, kte\u0159\u00ed nemaj\u00ed smysl pro design. Co maj\u00ed d\u011blat tihle lid\u00e9, kte\u0159\u00ed cht\u011bj\u00ed m\u00edt tak\u00e9 modern\u00ed a kr\u00e1sn\u00fd domov? Jako prvn\u00ed jim porad\u00edme to, \u017ee by nem\u011bli b\u00fdt smutn\u00ed. A v\u00edte pro\u010d? Proto\u017ee pr\u00e1v\u011b pro n\u011b tu jsou lid\u00e9, kte\u0159\u00ed se v\u011bnuj\u00ed interi\u00e9r\u016fm a mohou v\u00e1m poradit, ba dokonce i sehnat kousky, kter\u00e9 jsou modern\u00ed, a p\u0159itom se budou hodit do va\u0161eho interi\u00e9ru.Takov\u00e9 kousky byste t\u0159eba ani vy nesehnali a oni v\u00e1m ho se\u017eenou dokonce i do n\u011bjak\u00e9 ur\u010dit\u00e9 ceny, kterou jim nab\u00eddnete. T\u011bmto lidem se \u0159\u00edk\u00e1 pr\u00e1v\u011b bytov\u00ed design\u00e9\u0159i, o kter\u00fdch jsme hovo\u0159ili u\u017e p\u0159edt\u00edm. Ti v\u00ed toti\u017e nejl\u00e9pe, co se bude hodit do va\u0161eho interi\u00e9ru a co byste si tam m\u011bli po\u0159\u00eddit. Tito lid\u00e9 nab\u00edz\u00ed sv\u00e9 slu\u017eby ale za ur\u010ditou cenu, na kter\u00e9 se t\u0159eba dohodnete a podobn\u011b. Ov\u0161em v\u017edy se d\u00e1 n\u011bjak vyj\u00edt vst\u0159\u00edc, ale nepo\u010d\u00edtejte s t\u00edm, \u017ee to bude zadarmo, je to pr\u00e1ce jako ka\u017ed\u00e1 jin\u00e1 a nav\u00edc kolikr\u00e1t bytov\u00ed design\u00e9\u0159i odvedou tak skv\u011blou pr\u00e1ci, kter\u00e1 v\u00e1m velmi pom\u016f\u017ee, \u017ee je pot\u0159eba je n\u00e1le\u017eit\u011b odm\u011bnit.                                                                                                                                                                                                                                                                                                                                                                                           3.8\/5 - (6 votes)        "},{"@context":"https:\/\/schema.org\/","@type":"BreadcrumbList","itemListElement":[{"@type":"ListItem","position":1,"name":"Jak m\u00edt modern\u00ed interi\u00e9r?","item":"https:\/\/www.safik.cz\/jak-mit-moderni-interier\/#breadcrumbitem"}]}]